{"id":66,"date":"2020-07-12T20:19:00","date_gmt":"2020-07-12T20:19:00","guid":{"rendered":"https:\/\/hlas.one\/rs\/?p=66"},"modified":"2025-05-16T05:20:03","modified_gmt":"2025-05-16T05:20:03","slug":"ceska-zajednica-u-banatu","status":"publish","type":"post","link":"https:\/\/hlas.one\/rs\/66\/2020\/","title":{"rendered":"\u010ce\u0161ka zajednica u Banatu"},"content":{"rendered":"\n<p>Li\u010dnost koju predstavljamo je gospodin Jaroslav Bodnar, pripadnik \u010de\u0161ke nacionalne manjine, \u010diji su preci tokom 19. veka do\u0161li u Banat iz Moravske oblasti. Po struci je diplomirani producent u medijima. Tokom \u017eivota bavio se elektronikom i obla\u0161\u0107u kulture \u2013 pre svega muzikom i informisanjem. Trenutno je vlasnik tonskog studija i zastupnik nezavisne produkcije \u201e\u010ce\u0161ki medijski centar \u2013 studio Sunce\u201c sa opredeljenjem za izradu emisija na \u010de\u0161kom jeziku po profesionalnim standardima.<\/p>\n\n\n\n<p>Doseljavanja predaka<\/p>\n\n\n\n<p>Na po\u010detku priloga o Jaroslavu Bodnaru upoznajemo se sa istorijom doseljavanja \u010de\u0161kih predaka i njihovim \u017eivotom u banatskom selu Kru\u0161\u010dica, a zatim i u Beloj Crkvi. Pri\u010da se nastavlja li\u010dnom interesovanjem gospodina Bodnara za elektroniku i telekomunikacije, kao i profesionalnim opredeljenjem ka medijima u \u0161irem smislu \u2013 tehnici, novinarstvu, muzici i kulturi uop\u0161te.<\/p>\n\n\n\n<p>Osnivanje i rad medija<\/p>\n\n\n\n<p>Jaroslav Bodnar jedan je od osniva\u010da lokalne radio stanice u Beloj Crkvi, na kojoj je bio i prvi zaposleni. To obuhvata vremenski period od 1993. godine, kada je prvi put emitovan radijski program na podru\u010dju op\u0161tine Bela Crkva. Sa predhodnim iskustvom u javnim nastupima i dugogodi\u0161njim zanimanjem za manifestacije i \u017eivot \u010de\u0161ke manjine, gospodin Bodnar je inicirao po\u010detak informisanja na \u010de\u0161kom jeziku pokretanjem radijske emisije, koja se neprekidno emituje od 1997. godine sve do danas.<\/p>\n\n\n\n<p>Radio stanica sa programom na \u010de\u0161kom jeziku<\/p>\n\n\n\n<p>Posebno zna\u010dajno je da je Jaroslav Bodnar osniva\u010d privatne radio stanice \u201eSunce \u2013 glas ju\u017enog Banata\u201c 2002. godine. Ta medijska ku\u0107a emitovala je svakodnevni program na \u010de\u0161kom jeziku. Njeno osnivanje materijalno i finansijski pomogao je Ju\u017enomoravski region iz \u010ce\u0161ke republike. Na\u017ealost, zbog preure\u0111enja medijskog prostora, ta radio stanica zavr\u0161ila je sa radom 2008. godine.<\/p>\n\n\n\n<p>Sada\u0161nje stanje i ambicije sagovornika u budu\u0107nosti<\/p>\n\n\n\n<p>Kraj razgovora i predstavljanja gospodina Jaoslava Bodnara odnosi se na sada\u0161nje stanje, vezano za postoje\u0107i studio u kome se realizuje emisije na \u010de\u0161kom jeziku, kako za lokalnu radio stanicu, tako i za javni medijski servis (III program Radio Novog Sada). Navodi se li\u010dni stav i ambicije sagovornika za budu\u0107nost. Tako\u0111e, govori se i o predstavljanju \u010de\u0161ke nacionalne manjine na javnom medijskom servisu i planovima za budu\u0107nost, koja podrazumeva i televizijske emisije koje treba da na\u0111u mesto me\u0111u brojnim manjinskim emisijama RTV Vojvodina.<\/p>\n\n\n\n<p>Autor: Jaroslav Bodnar <\/p>\n\n\n\n<p>Razgovor je vodio Stanislav Havel, u\u010ditelj \u010de\u0161kog jezika i saradnik produkcije.<\/p>\n","protected":false},"excerpt":{"rendered":"<p>Li\u010dnost koju predstavljamo je gospodin Jaroslav Bodnar, pripadnik \u010de\u0161ke nacionalne manjine, \u010diji su preci tokom 19. veka do\u0161li u Banat iz Moravske oblasti. Po struci je diplomirani producent u medijima. Tokom \u017eivota bavio se elektronikom i obla\u0161\u0107u kulture \u2013 pre svega muzikom i informisanjem. Trenutno je vlasnik tonskog studija i zastupnik nezavisne produkcije \u201e\u010ce\u0161ki medijski centar \u2013 studio Sunce\u201c sa opredeljenjem za izradu emisija na \u010de\u0161kom jeziku po profesionalnim standardima. Doseljavanja predaka Na po\u010detku priloga o Jaroslavu Bodnaru upoznajemo se sa istorijom doseljavanja \u010de\u0161kih predaka i njihovim \u017eivotom u banatskom selu Kru\u0161\u010dica, a zatim i u Beloj Crkvi. Pri\u010da se nastavlja li\u010dnom interesovanjem gospodina Bodnara za elektroniku i telekomunikacije, kao i profesionalnim opredeljenjem ka medijima u \u0161irem smislu \u2013 tehnici, novinarstvu, muzici i kulturi uop\u0161te. Osnivanje i rad medija Jaroslav Bodnar jedan je od osniva\u010da lokalne radio stanice u Beloj Crkvi, na kojoj je bio i prvi zaposleni. To obuhvata vremenski period od 1993. godine, kada je prvi put emitovan radijski program na podru\u010dju op\u0161tine Bela Crkva. Sa predhodnim iskustvom u javnim nastupima i dugogodi\u0161njim zanimanjem za manifestacije i \u017eivot \u010de\u0161ke manjine, gospodin Bodnar je inicirao po\u010detak informisanja na \u010de\u0161kom jeziku pokretanjem radijske emisije, koja se neprekidno emituje od 1997. godine sve do danas. Radio stanica sa programom na \u010de\u0161kom jeziku Posebno zna\u010dajno je da je Jaroslav Bodnar osniva\u010d privatne radio stanice \u201eSunce \u2013 glas ju\u017enog Banata\u201c 2002. godine. Ta medijska ku\u0107a emitovala je svakodnevni program na \u010de\u0161kom jeziku. Njeno osnivanje materijalno i finansijski pomogao je Ju\u017enomoravski region iz \u010ce\u0161ke republike. Na\u017ealost, zbog preure\u0111enja medijskog prostora, ta radio stanica zavr\u0161ila je sa radom 2008. godine. Sada\u0161nje stanje i ambicije sagovornika u budu\u0107nosti Kraj razgovora i predstavljanja gospodina Jaoslava Bodnara odnosi se na sada\u0161nje stanje, vezano za postoje\u0107i studio u kome se realizuje emisije na \u010de\u0161kom jeziku, kako za lokalnu radio stanicu, tako i za javni medijski servis (III program Radio Novog Sada). Navodi se li\u010dni stav i ambicije sagovornika za budu\u0107nost. Tako\u0111e, govori se i o predstavljanju \u010de\u0161ke nacionalne manjine na javnom medijskom servisu i planovima za budu\u0107nost, koja podrazumeva i televizijske emisije koje treba da na\u0111u mesto me\u0111u brojnim manjinskim emisijama RTV Vojvodina. Autor: Jaroslav Bodnar Razgovor je vodio Stanislav Havel, u\u010ditelj \u010de\u0161kog jezika i saradnik produkcije.<\/p>\n","protected":false},"author":1,"featured_media":0,"comment_status":"closed","ping_status":"closed","sticky":false,"template":"","format":"standard","meta":{"pagelayer_contact_templates":[],"_pagelayer_content":"","footnotes":""},"categories":[4],"tags":[],"class_list":["post-66","post","type-post","status-publish","format-standard","hentry","category-kultura"],"_links":{"self":[{"href":"https:\/\/hlas.one\/rs\/wp-json\/wp\/v2\/posts\/66","targetHints":{"allow":["GET"]}}],"collection":[{"href":"https:\/\/hlas.one\/rs\/wp-json\/wp\/v2\/posts"}],"about":[{"href":"https:\/\/hlas.one\/rs\/wp-json\/wp\/v2\/types\/post"}],"author":[{"embeddable":true,"href":"https:\/\/hlas.one\/rs\/wp-json\/wp\/v2\/users\/1"}],"replies":[{"embeddable":true,"href":"https:\/\/hlas.one\/rs\/wp-json\/wp\/v2\/comments?post=66"}],"version-history":[{"count":1,"href":"https:\/\/hlas.one\/rs\/wp-json\/wp\/v2\/posts\/66\/revisions"}],"predecessor-version":[{"id":67,"href":"https:\/\/hlas.one\/rs\/wp-json\/wp\/v2\/posts\/66\/revisions\/67"}],"wp:attachment":[{"href":"https:\/\/hlas.one\/rs\/wp-json\/wp\/v2\/media?parent=66"}],"wp:term":[{"taxonomy":"category","embeddable":true,"href":"https:\/\/hlas.one\/rs\/wp-json\/wp\/v2\/categories?post=66"},{"taxonomy":"post_tag","embeddable":true,"href":"https:\/\/hlas.one\/rs\/wp-json\/wp\/v2\/tags?post=66"}],"curies":[{"name":"wp","href":"https:\/\/api.w.org\/{rel}","templated":true}]}}