{"id":59,"date":"2019-11-04T20:01:00","date_gmt":"2019-11-04T20:01:00","guid":{"rendered":"https:\/\/hlas.one\/rs\/?p=59"},"modified":"2025-05-16T05:22:24","modified_gmt":"2025-05-16T05:22:24","slug":"ponovo-radi-pozoriste","status":"publish","type":"post","link":"https:\/\/hlas.one\/rs\/59\/2019\/","title":{"rendered":"Ponovo radi pozori\u0161te"},"content":{"rendered":"\n<p>Od formiranja udru\u017eenja \u010ceha u Beogradu amaterska pozori\u0161ta u ukviru njih bila su mesta gde se negovala tradicija i \u010duvao identitet i kulturna ba\u0161tina. Ta pozori\u0161ta su, kako su godine prolazile, iz raznoraznih razloga prestajala da postoje. Bilo je, istini za volju, ideja da se na \u201edaske \u0161to \u017eivot zna\u010de\u201c postavi predstava nekog od \u010de\u0161kih autora i da na njima zaigraju \u010dlanovi besede ali je to ostalo samo pusta \u017eelja. Tra\u010dak nade da je to, ipak, mogu\u0107e pojavio se kada je Rastku Jevtovi\u0107u, profesoru srpskog jezika i knji\u017eevnosti u Petoj beogradskoj gimnaziji, dopao u ruke roman u tri dela \u010de\u0161ke savremene spisateljice Ivone B\u017eezinove koji je prevela \u010dlanica \u010ce\u0161ke besede Beograd Zorica Ili\u0107. Jevtovi\u0107 je uradio dramatizaciju i nastao je tekst za predstavu \u201eDevojke na uzdi\u201c \u2013 o grupi mladih zavisnika kojim osoblje bolnice poma\u017ee da se izle\u010de ali uporedo sa ozdravljenjem u njima se javlja bunt koji prerasta u pobunu.<\/p>\n\n\n\n<p>\u2013 S obzirom na to da nije bilo mnogo \u010dlanova beogradske Besede spremnih da se ogledaju na pozori\u0161tnoj sceni, ali i da su glavni akteri predstave mladi, u pomo\u0107 su pritekli gimnazijalci iz Pete beogradske gimnazije. Ve\u0107 na prvim \u010dita\u0107im probama osetio sam da me\u0111u glumcima, bez obzira na generacijski jaz, vlada pozitivna atmosfera. To mi je probudilo nadu da \u0107e po\u010detak pri\u010de o obnovi \u010ce\u0161kog pozori\u0161ta imati \u201ehepi end\u201c\u2013 se\u0107a se re\u017eiser Rastko Jevtovi\u0107.<\/p>\n\n\n\n<p>Njegove re\u010di povr\u0111uje i \u010dlanica \u010ce\u0161ke besede Beograd Neda Valo\u017ei\u0107 koja tuma\u010di ulogu sestre Anji\u010dke. \u2013 U\u010destvovanje u predstavi pri\u010dinjava mi veliko zadovoljstvo jer se mi, \u201e\u017eivotno iskusniji\u201c, lepo dru\u017eimo sa mladim. Ina\u010de, \u010dlanica pozori\u0161ta postala sam \u2013 slu\u010dajno! Poha\u0111ala sam kurs \u010de\u0161kog jezika i na\u010dula da se tra\u017ee glumci amateri. Iako sam od mladosti volela pozori\u0161te nikad mi nije palo na pamet da se pojavim na sceni! Mo\u017eda je prevagnulo da to ipak u\u010dinim \u0161to sam do penzionisanja bila zdravstveni radnik, a tra\u017eio se neko ko bi tuma\u010dio ulogu medicine sestre. Prihvatila sam izazov i \u2013 nisam se pokajala \u2013 ka\u017ee Neda.<\/p>\n\n\n\n<p>Osim nje u ulogama medicinskih sestara pojavlju se Jarmila Lanjik i Mira Lenhart a kao aktivne u pozori\u0161ta od \u010dlanica \u010ce\u0161ke besede Beograd re\u017eiser Jevtovi\u0107 isti\u010de Hanu Goldner, Jelenu Velimirovi\u0107\u2026 U \u201eDevojkama na uzdi\u201c Alisu glumi Jovana Jankovi\u0107, Ester Nata\u0161a Kiproska, Martinu Milica Ljubenovi\u0107, \u0160onku \u0110or\u0111e Jevtovi\u0107, dr Bileka Ser\u0111o Ajvaz, Honzu Ognjen Puti\u0107, Beatu Mateja Savi\u0107, Bogdana Luka Ma\u010dki\u0107, Magdu Jovana Kavaja, Silvu Ana Markovi\u0107 a Petra Mihajlo Todorovi\u0107.<\/p>\n\n\n\n<p>Kako to ve\u0107 obi\u010dno biva u pripremi predstave nije sve i\u0161lo kao po loju. Jer, u prostorijama Besede Beograd \u201ena mi\u0161i\u0107e\u201c mogu da se odvijaju \u010dita\u0107e probe, ali za scenske trebalo je da se prona\u0111e adekvatan prostor. Posle nekoliko seoba iz sale u salu prestava je po\u010dela da poprima kona\u010dnu formu. U novembru 2018. deo predstave izveden je na Pozori\u0161nom festivalu dece i mladih \u201eMater terra\u201c u Beogradu a integralne pretpremijere publika je mogla da vidi u kafi\u0107u \u201e 4 dunje\u201c kao i u Muzeju \u017eeleznice u Beogradu povodom izlo\u017ebe fotografija o Pragu. Posle godinu dana od prve \u010dita\u0107e probe, 14. aprila 2019. odr\u017eana je premijera predstave \u201eDevojke na uzdi\u201c na kamernoj sceni Pete beogradske gimnazije kojoj je prisustvovao i ambasador Republike \u010ce\u0161ke Toma\u017e Kuhta. \u201eDevojke\u201c su tokom leta izvedene jo\u0161 dva puta \u2013 9. juna u Novom Sadu kao i nedelju dana kasnije u Kulturnom centru \u201eVlada Divjan\u201c u Beogradu. Ina\u010de, uporedo sa pripremanjem ove predstave \u010dlanovi \u010ce\u0161kog pozori\u0161ta u\u010destvovali su i u igrokazu povodom obele\u017eavanja Svetog Nikole (Mikula\u0161a) u prostorijama \u010ce\u0161ke besede Beograd.<\/p>\n\n\n\n<p>Plan je, prema re\u010dima Jevtovi\u0107a, da predstava gostuje u mestima u kojim postoje \u010de\u0161ke besede, ali je, za sada, nedostatak sredstava nepremostiva prepreka. Dok do toga ne do\u0111e glumci \u010ce\u0161kog pozori\u0161ta ne sede skr\u0161tenih ruku. Od septembra su po\u010dele probe za predstavu \u201eTrolejbus\u201c. Da li da ne \u201eizmaleri\u0161e\u201c nastavak rada ili ne\u010deg drugog re\u017eiser Jevtovi\u0107 samo otkriva da je re\u010d o tekstu satkanom od niza svakodnevnih \u017eivotnih doga\u0111anja koji se odvijaju u beogradskom trolejbusu\u2026 Osim toga isti\u010de da \u0107e, uz glumce iz \u010ce\u0161ke besede Beograd i u\u010denike Pete gimnazije, u predstavi da glume i studenti bohemistike a da se premijera \u201eTrolejbusa\u201c planira 24. februara naredne godine kada se obele\u017eava godi\u0161njica postojanja Besede.<\/p>\n\n\n\n<p>Autor: Karlo Kubi\u010dek<\/p>\n","protected":false},"excerpt":{"rendered":"<p>Od formiranja udru\u017eenja \u010ceha u Beogradu amaterska pozori\u0161ta u ukviru njih bila su mesta gde se negovala tradicija i \u010duvao identitet i kulturna ba\u0161tina. Ta pozori\u0161ta su, kako su godine prolazile, iz raznoraznih razloga prestajala da postoje. Bilo je, istini za volju, ideja da se na \u201edaske \u0161to \u017eivot zna\u010de\u201c postavi predstava nekog od \u010de\u0161kih autora i da na njima zaigraju \u010dlanovi besede ali je to ostalo samo pusta \u017eelja. Tra\u010dak nade da je to, ipak, mogu\u0107e pojavio se kada je Rastku Jevtovi\u0107u, profesoru srpskog jezika i knji\u017eevnosti u Petoj beogradskoj gimnaziji, dopao u ruke roman u tri dela \u010de\u0161ke savremene spisateljice Ivone B\u017eezinove koji je prevela \u010dlanica \u010ce\u0161ke besede Beograd Zorica Ili\u0107. Jevtovi\u0107 je uradio dramatizaciju i nastao je tekst za predstavu \u201eDevojke na uzdi\u201c \u2013 o grupi mladih zavisnika kojim osoblje bolnice poma\u017ee da se izle\u010de ali uporedo sa ozdravljenjem u njima se javlja bunt koji prerasta u pobunu. \u2013 S obzirom na to da nije bilo mnogo \u010dlanova beogradske Besede spremnih da se ogledaju na pozori\u0161tnoj sceni, ali i da su glavni akteri predstave mladi, u pomo\u0107 su pritekli gimnazijalci iz Pete beogradske gimnazije. Ve\u0107 na prvim \u010dita\u0107im probama osetio sam da me\u0111u glumcima, bez obzira na generacijski jaz, vlada pozitivna atmosfera. To mi je probudilo nadu da \u0107e po\u010detak pri\u010de o obnovi \u010ce\u0161kog pozori\u0161ta imati \u201ehepi end\u201c\u2013 se\u0107a se re\u017eiser Rastko Jevtovi\u0107. Njegove re\u010di povr\u0111uje i \u010dlanica \u010ce\u0161ke besede Beograd Neda Valo\u017ei\u0107 koja tuma\u010di ulogu sestre Anji\u010dke. \u2013 U\u010destvovanje u predstavi pri\u010dinjava mi veliko zadovoljstvo jer se mi, \u201e\u017eivotno iskusniji\u201c, lepo dru\u017eimo sa mladim. Ina\u010de, \u010dlanica pozori\u0161ta postala sam \u2013 slu\u010dajno! Poha\u0111ala sam kurs \u010de\u0161kog jezika i na\u010dula da se tra\u017ee glumci amateri. Iako sam od mladosti volela pozori\u0161te nikad mi nije palo na pamet da se pojavim na sceni! Mo\u017eda je prevagnulo da to ipak u\u010dinim \u0161to sam do penzionisanja bila zdravstveni radnik, a tra\u017eio se neko ko bi tuma\u010dio ulogu medicine sestre. Prihvatila sam izazov i \u2013 nisam se pokajala \u2013 ka\u017ee Neda. Osim nje u ulogama medicinskih sestara pojavlju se Jarmila Lanjik i Mira Lenhart a kao aktivne u pozori\u0161ta od \u010dlanica \u010ce\u0161ke besede Beograd re\u017eiser Jevtovi\u0107 isti\u010de Hanu Goldner, Jelenu Velimirovi\u0107\u2026 U \u201eDevojkama na uzdi\u201c Alisu glumi Jovana Jankovi\u0107, Ester Nata\u0161a Kiproska, Martinu Milica Ljubenovi\u0107, \u0160onku \u0110or\u0111e Jevtovi\u0107, dr Bileka Ser\u0111o Ajvaz, Honzu Ognjen Puti\u0107, Beatu Mateja Savi\u0107, Bogdana Luka Ma\u010dki\u0107, Magdu Jovana Kavaja, Silvu Ana Markovi\u0107 a Petra Mihajlo Todorovi\u0107. Kako to ve\u0107 obi\u010dno biva u pripremi predstave nije sve i\u0161lo kao po loju. Jer, u prostorijama Besede Beograd \u201ena mi\u0161i\u0107e\u201c mogu da se odvijaju \u010dita\u0107e probe, ali za scenske trebalo je da se prona\u0111e adekvatan prostor. Posle nekoliko seoba iz sale u salu prestava je po\u010dela da poprima kona\u010dnu formu. U novembru 2018. deo predstave izveden je na Pozori\u0161nom festivalu dece i mladih \u201eMater terra\u201c u Beogradu a integralne pretpremijere publika je mogla da vidi u kafi\u0107u \u201e 4 dunje\u201c kao i u Muzeju \u017eeleznice u Beogradu povodom izlo\u017ebe fotografija o Pragu. Posle godinu dana od prve \u010dita\u0107e probe, 14. aprila 2019. odr\u017eana je premijera predstave \u201eDevojke na uzdi\u201c na kamernoj sceni Pete beogradske gimnazije kojoj je prisustvovao i ambasador Republike \u010ce\u0161ke Toma\u017e Kuhta. \u201eDevojke\u201c su tokom leta izvedene jo\u0161 dva puta \u2013 9. juna u Novom Sadu kao i nedelju dana kasnije u Kulturnom centru \u201eVlada Divjan\u201c u Beogradu. Ina\u010de, uporedo sa pripremanjem ove predstave \u010dlanovi \u010ce\u0161kog pozori\u0161ta u\u010destvovali su i u igrokazu povodom obele\u017eavanja Svetog Nikole (Mikula\u0161a) u prostorijama \u010ce\u0161ke besede Beograd. Plan je, prema re\u010dima Jevtovi\u0107a, da predstava gostuje u mestima u kojim postoje \u010de\u0161ke besede, ali je, za sada, nedostatak sredstava nepremostiva prepreka. Dok do toga ne do\u0111e glumci \u010ce\u0161kog pozori\u0161ta ne sede skr\u0161tenih ruku. Od septembra su po\u010dele probe za predstavu \u201eTrolejbus\u201c. Da li da ne \u201eizmaleri\u0161e\u201c nastavak rada ili ne\u010deg drugog re\u017eiser Jevtovi\u0107 samo otkriva da je re\u010d o tekstu satkanom od niza svakodnevnih \u017eivotnih doga\u0111anja koji se odvijaju u beogradskom trolejbusu\u2026 Osim toga isti\u010de da \u0107e, uz glumce iz \u010ce\u0161ke besede Beograd i u\u010denike Pete gimnazije, u predstavi da glume i studenti bohemistike a da se premijera \u201eTrolejbusa\u201c planira 24. februara naredne godine kada se obele\u017eava godi\u0161njica postojanja Besede. Autor: Karlo Kubi\u010dek<\/p>\n","protected":false},"author":1,"featured_media":0,"comment_status":"closed","ping_status":"closed","sticky":false,"template":"","format":"standard","meta":{"pagelayer_contact_templates":[],"_pagelayer_content":"","footnotes":""},"categories":[4],"tags":[],"class_list":["post-59","post","type-post","status-publish","format-standard","hentry","category-kultura"],"_links":{"self":[{"href":"https:\/\/hlas.one\/rs\/wp-json\/wp\/v2\/posts\/59","targetHints":{"allow":["GET"]}}],"collection":[{"href":"https:\/\/hlas.one\/rs\/wp-json\/wp\/v2\/posts"}],"about":[{"href":"https:\/\/hlas.one\/rs\/wp-json\/wp\/v2\/types\/post"}],"author":[{"embeddable":true,"href":"https:\/\/hlas.one\/rs\/wp-json\/wp\/v2\/users\/1"}],"replies":[{"embeddable":true,"href":"https:\/\/hlas.one\/rs\/wp-json\/wp\/v2\/comments?post=59"}],"version-history":[{"count":1,"href":"https:\/\/hlas.one\/rs\/wp-json\/wp\/v2\/posts\/59\/revisions"}],"predecessor-version":[{"id":60,"href":"https:\/\/hlas.one\/rs\/wp-json\/wp\/v2\/posts\/59\/revisions\/60"}],"wp:attachment":[{"href":"https:\/\/hlas.one\/rs\/wp-json\/wp\/v2\/media?parent=59"}],"wp:term":[{"taxonomy":"category","embeddable":true,"href":"https:\/\/hlas.one\/rs\/wp-json\/wp\/v2\/categories?post=59"},{"taxonomy":"post_tag","embeddable":true,"href":"https:\/\/hlas.one\/rs\/wp-json\/wp\/v2\/tags?post=59"}],"curies":[{"name":"wp","href":"https:\/\/api.w.org\/{rel}","templated":true}]}}