{"id":34,"date":"2019-11-28T19:21:00","date_gmt":"2019-11-28T19:21:00","guid":{"rendered":"https:\/\/hlas.one\/rs\/?p=34"},"modified":"2025-05-16T05:21:35","modified_gmt":"2025-05-16T05:21:35","slug":"strucno-edukativni-skup","status":"publish","type":"post","link":"https:\/\/hlas.one\/rs\/34\/2019\/","title":{"rendered":"Br\u00e1na nejen jazyku a literatu\u0159e otev\u0159en\u00e1"},"content":{"rendered":"\n<p>Stru\u010dno-edukativni skup \u201eBr\u00e1na nejen jazyku a literatu\u0159e otev\u0159en\u00e1\u201c, koji je odr\u017ean 2019. postaje tradicionalan i nau\u010dno zna\u010dajan za saznanja o \u010de\u0161koj zajednici u Republici Srbiji. <\/p>\n\n\n\n<p>U uvodnom izlaganju prof. dr Jo\u017ee Siva\u010deka, predsednika udru\u017eenja \u010cesi Srbije \u2013 \u010ce\u0161i Srbska nagla\u0161en je zna\u010daj celokupnog projekta za \u010de\u0161ku zajednicu. Ove godine glavna tema skupa bila je \u201c\u010ce\u0161ka porodica u Srbiji\u201d. Prvo predavanje imala je mgr. Lenka Jakoubkov\u00e1 Budilov\u00e1, Ph.D. sa Etnolo\u0161kog instituta, Filozofskog fakulteta Karlovog univerziteta u Pragu. Njena tema bila je \u201eIstorijska predstava porodice u \u010de\u0161kim kolonizovanim naseljima Banata\u201c. Drugo izlaganje imao je mgr. Stanislav Havel, u\u010ditelj \u010de\u0161kog jezika u \u010de\u0161koj zajednic u Srbiji, na temu \u201c\u010ce\u0161ka porodica u Srbiji (na selu)\u201d. Zatim je govorio prof. dr Jaromil Linda, sa Filolo\u0161kog fakulteta, Beogradskog univerziteta na temu \u201c\u010ce\u0161ka porodica u Srbiji?\u201d. Gostuju\u0107i predava\u010d ove godine bio je mgr. Pavel Cihlar, lektor \u010de\u0161kog jezika na Filolo\u0161kom fakultetu u Banja Luci. Njegova tema bili su \u201e\u010cesi u Bosni i Hercegovini\u201c. Kroz svoje predavanje predstavio je \u010de\u0161ku zajednicu u Bosni i Hercegovini, te\u017ei\u0161no u Republici Srpskoj. Vrlo zna\u010dajno predavanje i ove godine odr\u017eao je doc. PhDr. Marek Jakoubek, Ph.D. direktor Etnolo\u0161kog instituta, Filozofskog fakulteta Karlovog univerziteta u Pragu. Govorio je na temu \u201e\u010ce\u0161ka porodica u Srbiji ne odumire, ve\u0107 se transformi\u0161e u skladu sa prostorom i vremenom\u201c. Istori\u010dar dr Slobodan Selini\u0107, vi\u0161i nau\u010dni saradnik sa Instituta za noviju istoriju Srbije iz Beograda predstavio je temu \u201e\u010ce\u0161ko-srpske knji\u017eevne veze 50-ih i 60-ih godina 20. veka i uloga Jare Ribnikar\u201c. Zavr\u0161no izlganje na skupu imao je doktorant beogradskog filozofskog fakulteta mst. Andrej Kubi\u010dek, sa Instituta za kriminolo\u0161ka i sociolo\u0161kaistra\u017eivanja iz Beograda. Govorio je na temu \u201eSociolo\u0161ko prou\u010davanje \u010de\u0161ke porodice \u2013 pojmovi, procesi i dileme\u201c. U narednim prilozima predstavi\u0107emo detaljnije sadr\u017eaje pojedinih predavanja.<\/p>\n\n\n\n<p>Autor: Prof. dr Jo\u017ee Siva\u010dek<\/p>\n","protected":false},"excerpt":{"rendered":"<p>Stru\u010dno-edukativni skup \u201eBr\u00e1na nejen jazyku a literatu\u0159e otev\u0159en\u00e1\u201c, koji je odr\u017ean 2019. postaje tradicionalan i nau\u010dno zna\u010dajan za saznanja o \u010de\u0161koj zajednici u Republici Srbiji. U uvodnom izlaganju prof. dr Jo\u017ee Siva\u010deka, predsednika udru\u017eenja \u010cesi Srbije \u2013 \u010ce\u0161i Srbska nagla\u0161en je zna\u010daj celokupnog projekta za \u010de\u0161ku zajednicu. Ove godine glavna tema skupa bila je \u201c\u010ce\u0161ka porodica u Srbiji\u201d. Prvo predavanje imala je mgr. Lenka Jakoubkov\u00e1 Budilov\u00e1, Ph.D. sa Etnolo\u0161kog instituta, Filozofskog fakulteta Karlovog univerziteta u Pragu. Njena tema bila je \u201eIstorijska predstava porodice u \u010de\u0161kim kolonizovanim naseljima Banata\u201c. Drugo izlaganje imao je mgr. Stanislav Havel, u\u010ditelj \u010de\u0161kog jezika u \u010de\u0161koj zajednic u Srbiji, na temu \u201c\u010ce\u0161ka porodica u Srbiji (na selu)\u201d. Zatim je govorio prof. dr Jaromil Linda, sa Filolo\u0161kog fakulteta, Beogradskog univerziteta na temu \u201c\u010ce\u0161ka porodica u Srbiji?\u201d. Gostuju\u0107i predava\u010d ove godine bio je mgr. Pavel Cihlar, lektor \u010de\u0161kog jezika na Filolo\u0161kom fakultetu u Banja Luci. Njegova tema bili su \u201e\u010cesi u Bosni i Hercegovini\u201c. Kroz svoje predavanje predstavio je \u010de\u0161ku zajednicu u Bosni i Hercegovini, te\u017ei\u0161no u Republici Srpskoj. Vrlo zna\u010dajno predavanje i ove godine odr\u017eao je doc. PhDr. Marek Jakoubek, Ph.D. direktor Etnolo\u0161kog instituta, Filozofskog fakulteta Karlovog univerziteta u Pragu. Govorio je na temu \u201e\u010ce\u0161ka porodica u Srbiji ne odumire, ve\u0107 se transformi\u0161e u skladu sa prostorom i vremenom\u201c. Istori\u010dar dr Slobodan Selini\u0107, vi\u0161i nau\u010dni saradnik sa Instituta za noviju istoriju Srbije iz Beograda predstavio je temu \u201e\u010ce\u0161ko-srpske knji\u017eevne veze 50-ih i 60-ih godina 20. veka i uloga Jare Ribnikar\u201c. Zavr\u0161no izlganje na skupu imao je doktorant beogradskog filozofskog fakulteta mst. Andrej Kubi\u010dek, sa Instituta za kriminolo\u0161ka i sociolo\u0161kaistra\u017eivanja iz Beograda. Govorio je na temu \u201eSociolo\u0161ko prou\u010davanje \u010de\u0161ke porodice \u2013 pojmovi, procesi i dileme\u201c. U narednim prilozima predstavi\u0107emo detaljnije sadr\u017eaje pojedinih predavanja. Autor: Prof. dr Jo\u017ee Siva\u010dek<\/p>\n","protected":false},"author":1,"featured_media":0,"comment_status":"closed","ping_status":"closed","sticky":false,"template":"","format":"standard","meta":{"pagelayer_contact_templates":[],"_pagelayer_content":"","footnotes":""},"categories":[5],"tags":[],"class_list":["post-34","post","type-post","status-publish","format-standard","hentry","category-strucno-edukativni-skup"],"_links":{"self":[{"href":"https:\/\/hlas.one\/rs\/wp-json\/wp\/v2\/posts\/34","targetHints":{"allow":["GET"]}}],"collection":[{"href":"https:\/\/hlas.one\/rs\/wp-json\/wp\/v2\/posts"}],"about":[{"href":"https:\/\/hlas.one\/rs\/wp-json\/wp\/v2\/types\/post"}],"author":[{"embeddable":true,"href":"https:\/\/hlas.one\/rs\/wp-json\/wp\/v2\/users\/1"}],"replies":[{"embeddable":true,"href":"https:\/\/hlas.one\/rs\/wp-json\/wp\/v2\/comments?post=34"}],"version-history":[{"count":3,"href":"https:\/\/hlas.one\/rs\/wp-json\/wp\/v2\/posts\/34\/revisions"}],"predecessor-version":[{"id":44,"href":"https:\/\/hlas.one\/rs\/wp-json\/wp\/v2\/posts\/34\/revisions\/44"}],"wp:attachment":[{"href":"https:\/\/hlas.one\/rs\/wp-json\/wp\/v2\/media?parent=34"}],"wp:term":[{"taxonomy":"category","embeddable":true,"href":"https:\/\/hlas.one\/rs\/wp-json\/wp\/v2\/categories?post=34"},{"taxonomy":"post_tag","embeddable":true,"href":"https:\/\/hlas.one\/rs\/wp-json\/wp\/v2\/tags?post=34"}],"curies":[{"name":"wp","href":"https:\/\/api.w.org\/{rel}","templated":true}]}}