{"id":102,"date":"2021-09-15T05:07:00","date_gmt":"2021-09-15T05:07:00","guid":{"rendered":"https:\/\/hlas.one\/rs\/?p=102"},"modified":"2025-05-16T05:16:29","modified_gmt":"2025-05-16T05:16:29","slug":"ponosan-na-ceske-korene","status":"publish","type":"post","link":"https:\/\/hlas.one\/rs\/102\/2021\/","title":{"rendered":"Ponosan na \u010de\u0161ke korene"},"content":{"rendered":"\n<p>\u2013 Ponosan sam \u0161to koreni mog porodi\u010dnog stabla dose\u017eu do \u010ce\u0161ke, zemlje poznate po dugoj tradiciji u kulturi, obrazovanju, industrijskom razvoju, kao i zbog toga \u0161to su \u010dlanovi porodice Valenta ostavili dubok trag u mojoj domovini Srbiji koju su i oni mnogo voleli \u2013 pri\u010da za \u201cHlas media\u201d Milo\u0161 Lazarevi\u0107, \u010dukununuk Jana, Jovana, Valente.<\/p>\n\n\n\n<p>Prema re\u010dima Lazarevi\u0107a njegov \u010dukundeda Jan ro\u0111en je 1826. godine u Pragu a, posle studiranja na Karlovom univerzitetu i promovisanja u doktora hirurgije i medicine 1850. godine, do\u0161ao je 1852. u Srbiju. Promenio je ime Jan u srpsko Jovan, radio je kao fizikus u Smederevu, Jagodini, a u Beograd je do\u0161ao 1864. godine. Zaposlio se u Okru\u017enoj bolnici u kojoj je \u010detiri godine kasnije postavljen za upravnika.<\/p>\n\n\n\n<p>\u2013 U literaturi \u010desto pominjan podatak da je dr Vladan \u0110or\u0111evi\u0107, ro\u0111en 1844. godine a specijalizirao hirurgiju od 1869. do 1871. godine u Be\u010du, bio prvi \u0161kolovan hirurg u Srbiji, ne mo\u017ee da bude ta\u010dan. Uz po\u0161tovanje doprinosa dr \u0110or\u0111evi\u0107a u mnogim oblastima \u017eivota, on to nije mogao da bude! Jer, kada je dr Jovan Valenta do\u0161ao u Srbiju sa diplomom doktora hirurgije dr \u0110or\u0111evi\u0107 je bio u osnovnoj \u0161koli \u2013 ka\u017ee Lazarevi\u0107. \u2013 Kada je re\u010d o neta\u010dnostima koje prate biografiju Jovana Valente je i podatak koji ponegde mo\u017ee da se na\u0111e, da je bio o\u017eenjen Marijom i da je imao dva sina. Ta\u010dno je da je Jovan sa \u010cehinjom Anom imao sina Mihaila a sa drugom \u017eenom Danicom sina Vladimira za koga se u porodici pri\u010dalo da su ga ubili Arnauti samo zbog toga \u0161to je imao dobre \u010dizme!<\/p>\n\n\n\n<p>S ponosom Lazarevi\u0107 isti\u010de da je njegov \u010dukundeda radio kao profesor u Velikoj, sada Prvoj beogradskoj, gimnaziji, da je jedan od osniva\u010da Srpskog lekarskog dru\u0161tva, da je bio dopisni \u010dlan Dru\u0161tva srpske slovesnosti a od 1864. godine i redovni \u010dlan Srpskog u\u010denog dru\u0161tva. Osim toga prevodio je sa \u010de\u0161kog medicinsku literaturu \u2013 \u201cNauka o \u010duvanju zdravlja\u201d, pisao knjige kojim je doprinosio zdravstvenom prosve\u0107ivanju stanovni\u0161tva, bio je i dopisni \u010dlan \u010ce\u0161kog lekarskog dru\u0161tva. Uz to nije zaboravljao odakle poti\u010de tako da je bio jedan od \u010detvorice osniva\u010da \u010ce\u0161ke besede u Beogradu 1869. godine.<\/p>\n\n\n\n<p>\u2013 \u010cukundeda je umro 1887. godine u rumunskoj banji Marila nedaleko od Oravice u Banatu i njegovi posmrtni ostaci su, na moju veliku \u017ealost, ostali tamo \u2013 ka\u017ee Lazarevi\u0107.<\/p>\n\n\n\n<p>Prema njegovim re\u010dima i Danica, druga \u017eena Jovana Valente, koju su u Beogradu zvali Danica Valentinica, bila je veoma aktivna u \u201c\u017denskom dru\u0161tvu\u201d koje se bavilo prosvetnim i humanitarnim radom. \u2013 To potvr\u0111uje i dokument iz jula 1890. godine u kojem poziva mlade \u017eene da poha\u0111aju predavanja u \u201cradeni\u010dkoj \u0161koli\u201d i nau\u010de \u0161ivenje rublja i haljina i tkanje srpskog platna. Ta objava ukazuje i da je porodica Jovana Valenta \u017eivela u tada\u0161njoj Spasovskoj ulici 7 u Beogradu. Po mom saznanju to je sada\u0161nja Gra\u010dani\u010dka.<\/p>\n\n\n\n<p>Kada je re\u010d o sinu Jovana Valente, Mihailu, koji je ro\u0111en 1860. godine, Lazarevi\u0107 ka\u017ee da je studirao tehni\u010dke nauke u Minhenu. Po povrtatku u Srbiju radio je kao in\u017eenjer, izme\u0111u ostalog na pruzi Negotin-Zaje\u010dar, Sipskom kanalu, projektovao je most na re\u010dici Kami\u010dak kod \u0160apca koji je sru\u0161en prve godine Prvog svetskog rata. Uporedo je bio i predava\u010d na Visokoj tehni\u010dkoj \u0161koli. Bio je o\u017eenjen Zorkom koja je na poro\u0111aju umrla pa je devoj\u010dici koja se rodila dao njeno ime. Kasnije se o\u017eenio Sofijom, koja je mlada umrla i sa njom nije imao dece. Umro je 1909. godine.<\/p>\n\n\n\n<p>\u2013 Moja baba Zorka, k\u0107erka Mihaila Valente, udala se za oficira i kasnije industrijalca Iliju Iku Pani\u0107a. Imali su tri k\u0107erke \u2013 Milenu, Bosanku i moju majku Milicu. Baba Zorku pamtim kao veoma dobru i humanu \u017eenu koja je, posle dedine smrti, svu svoju energiju posvetila radu u Srpskoj pravoslavnoj crkvi. Radila je i kao doma\u0107ica Patrijarha Germana a umrla je 1983. godine.<\/p>\n\n\n\n<p>Majka na\u0161eg sagovornika Milica udala se za trgovca Miodraga Lazarevi\u0107a, rodila tri sina od koji je Milo\u0161 najmla\u0111i.<\/p>\n\n\n\n<p>\u2013 \u017dao mi je \u0161to ne znam \u010de\u0161ki i \u0161to nisam bio u prilici da posetim postojbinu mojih predaka. Po\u010detkom dvehiljaditih bio sam \u010dlan \u010ce\u0161ke besede Beograd, se\u0107am se da sam u tom periodu bio i na dru\u017eenju u Domu Vojske u Beogradu i upoznao tada\u0161njeg ambasadora Ivana Jest\u0161aba. Posle toga, zbog spleta razli\u010ditih okolnosti, prestao sam da odlazim na sastanke u \u010ce\u0161ki dom.<\/p>\n\n\n\n<p>Na\u0161 sedamdeset \u010detvorogodi\u0161nji sagovornik ima k\u0107i Mariju kao i ununku Miu i unuka Luku. Unuka je ve\u0107 sada izuzetno talentovana teniserka i, ako proradi \u201c\u010de\u0161ki gen\u201d, mo\u017eda se ra\u0111a nova Kvitova, Pli\u0161kova\u2026<\/p>\n\n\n\n<p>Autor: Karlo Kubi\u010dek<\/p>\n","protected":false},"excerpt":{"rendered":"<p>\u2013 Ponosan sam \u0161to koreni mog porodi\u010dnog stabla dose\u017eu do \u010ce\u0161ke, zemlje poznate po dugoj tradiciji u kulturi, obrazovanju, industrijskom razvoju, kao i zbog toga \u0161to su \u010dlanovi porodice Valenta ostavili dubok trag u mojoj domovini Srbiji koju su i oni mnogo voleli \u2013 pri\u010da za \u201cHlas media\u201d Milo\u0161 Lazarevi\u0107, \u010dukununuk Jana, Jovana, Valente. Prema re\u010dima Lazarevi\u0107a njegov \u010dukundeda Jan ro\u0111en je 1826. godine u Pragu a, posle studiranja na Karlovom univerzitetu i promovisanja u doktora hirurgije i medicine 1850. godine, do\u0161ao je 1852. u Srbiju. Promenio je ime Jan u srpsko Jovan, radio je kao fizikus u Smederevu, Jagodini, a u Beograd je do\u0161ao 1864. godine. Zaposlio se u Okru\u017enoj bolnici u kojoj je \u010detiri godine kasnije postavljen za upravnika. \u2013 U literaturi \u010desto pominjan podatak da je dr Vladan \u0110or\u0111evi\u0107, ro\u0111en 1844. godine a specijalizirao hirurgiju od 1869. do 1871. godine u Be\u010du, bio prvi \u0161kolovan hirurg u Srbiji, ne mo\u017ee da bude ta\u010dan. Uz po\u0161tovanje doprinosa dr \u0110or\u0111evi\u0107a u mnogim oblastima \u017eivota, on to nije mogao da bude! Jer, kada je dr Jovan Valenta do\u0161ao u Srbiju sa diplomom doktora hirurgije dr \u0110or\u0111evi\u0107 je bio u osnovnoj \u0161koli \u2013 ka\u017ee Lazarevi\u0107. \u2013 Kada je re\u010d o neta\u010dnostima koje prate biografiju Jovana Valente je i podatak koji ponegde mo\u017ee da se na\u0111e, da je bio o\u017eenjen Marijom i da je imao dva sina. Ta\u010dno je da je Jovan sa \u010cehinjom Anom imao sina Mihaila a sa drugom \u017eenom Danicom sina Vladimira za koga se u porodici pri\u010dalo da su ga ubili Arnauti samo zbog toga \u0161to je imao dobre \u010dizme! S ponosom Lazarevi\u0107 isti\u010de da je njegov \u010dukundeda radio kao profesor u Velikoj, sada Prvoj beogradskoj, gimnaziji, da je jedan od osniva\u010da Srpskog lekarskog dru\u0161tva, da je bio dopisni \u010dlan Dru\u0161tva srpske slovesnosti a od 1864. godine i redovni \u010dlan Srpskog u\u010denog dru\u0161tva. Osim toga prevodio je sa \u010de\u0161kog medicinsku literaturu \u2013 \u201cNauka o \u010duvanju zdravlja\u201d, pisao knjige kojim je doprinosio zdravstvenom prosve\u0107ivanju stanovni\u0161tva, bio je i dopisni \u010dlan \u010ce\u0161kog lekarskog dru\u0161tva. Uz to nije zaboravljao odakle poti\u010de tako da je bio jedan od \u010detvorice osniva\u010da \u010ce\u0161ke besede u Beogradu 1869. godine. \u2013 \u010cukundeda je umro 1887. godine u rumunskoj banji Marila nedaleko od Oravice u Banatu i njegovi posmrtni ostaci su, na moju veliku \u017ealost, ostali tamo \u2013 ka\u017ee Lazarevi\u0107. Prema njegovim re\u010dima i Danica, druga \u017eena Jovana Valente, koju su u Beogradu zvali Danica Valentinica, bila je veoma aktivna u \u201c\u017denskom dru\u0161tvu\u201d koje se bavilo prosvetnim i humanitarnim radom. \u2013 To potvr\u0111uje i dokument iz jula 1890. godine u kojem poziva mlade \u017eene da poha\u0111aju predavanja u \u201cradeni\u010dkoj \u0161koli\u201d i nau\u010de \u0161ivenje rublja i haljina i tkanje srpskog platna. Ta objava ukazuje i da je porodica Jovana Valenta \u017eivela u tada\u0161njoj Spasovskoj ulici 7 u Beogradu. Po mom saznanju to je sada\u0161nja Gra\u010dani\u010dka. Kada je re\u010d o sinu Jovana Valente, Mihailu, koji je ro\u0111en 1860. godine, Lazarevi\u0107 ka\u017ee da je studirao tehni\u010dke nauke u Minhenu. Po povrtatku u Srbiju radio je kao in\u017eenjer, izme\u0111u ostalog na pruzi Negotin-Zaje\u010dar, Sipskom kanalu, projektovao je most na re\u010dici Kami\u010dak kod \u0160apca koji je sru\u0161en prve godine Prvog svetskog rata. Uporedo je bio i predava\u010d na Visokoj tehni\u010dkoj \u0161koli. Bio je o\u017eenjen Zorkom koja je na poro\u0111aju umrla pa je devoj\u010dici koja se rodila dao njeno ime. Kasnije se o\u017eenio Sofijom, koja je mlada umrla i sa njom nije imao dece. Umro je 1909. godine. \u2013 Moja baba Zorka, k\u0107erka Mihaila Valente, udala se za oficira i kasnije industrijalca Iliju Iku Pani\u0107a. Imali su tri k\u0107erke \u2013 Milenu, Bosanku i moju majku Milicu. Baba Zorku pamtim kao veoma dobru i humanu \u017eenu koja je, posle dedine smrti, svu svoju energiju posvetila radu u Srpskoj pravoslavnoj crkvi. Radila je i kao doma\u0107ica Patrijarha Germana a umrla je 1983. godine. Majka na\u0161eg sagovornika Milica udala se za trgovca Miodraga Lazarevi\u0107a, rodila tri sina od koji je Milo\u0161 najmla\u0111i. \u2013 \u017dao mi je \u0161to ne znam \u010de\u0161ki i \u0161to nisam bio u prilici da posetim postojbinu mojih predaka. Po\u010detkom dvehiljaditih bio sam \u010dlan \u010ce\u0161ke besede Beograd, se\u0107am se da sam u tom periodu bio i na dru\u017eenju u Domu Vojske u Beogradu i upoznao tada\u0161njeg ambasadora Ivana Jest\u0161aba. Posle toga, zbog spleta razli\u010ditih okolnosti, prestao sam da odlazim na sastanke u \u010ce\u0161ki dom. Na\u0161 sedamdeset \u010detvorogodi\u0161nji sagovornik ima k\u0107i Mariju kao i ununku Miu i unuka Luku. Unuka je ve\u0107 sada izuzetno talentovana teniserka i, ako proradi \u201c\u010de\u0161ki gen\u201d, mo\u017eda se ra\u0111a nova Kvitova, Pli\u0161kova\u2026 Autor: Karlo Kubi\u010dek<\/p>\n","protected":false},"author":1,"featured_media":0,"comment_status":"closed","ping_status":"closed","sticky":false,"template":"","format":"standard","meta":{"pagelayer_contact_templates":[],"_pagelayer_content":"","footnotes":""},"categories":[4],"tags":[],"class_list":["post-102","post","type-post","status-publish","format-standard","hentry","category-kultura"],"_links":{"self":[{"href":"https:\/\/hlas.one\/rs\/wp-json\/wp\/v2\/posts\/102","targetHints":{"allow":["GET"]}}],"collection":[{"href":"https:\/\/hlas.one\/rs\/wp-json\/wp\/v2\/posts"}],"about":[{"href":"https:\/\/hlas.one\/rs\/wp-json\/wp\/v2\/types\/post"}],"author":[{"embeddable":true,"href":"https:\/\/hlas.one\/rs\/wp-json\/wp\/v2\/users\/1"}],"replies":[{"embeddable":true,"href":"https:\/\/hlas.one\/rs\/wp-json\/wp\/v2\/comments?post=102"}],"version-history":[{"count":1,"href":"https:\/\/hlas.one\/rs\/wp-json\/wp\/v2\/posts\/102\/revisions"}],"predecessor-version":[{"id":103,"href":"https:\/\/hlas.one\/rs\/wp-json\/wp\/v2\/posts\/102\/revisions\/103"}],"wp:attachment":[{"href":"https:\/\/hlas.one\/rs\/wp-json\/wp\/v2\/media?parent=102"}],"wp:term":[{"taxonomy":"category","embeddable":true,"href":"https:\/\/hlas.one\/rs\/wp-json\/wp\/v2\/categories?post=102"},{"taxonomy":"post_tag","embeddable":true,"href":"https:\/\/hlas.one\/rs\/wp-json\/wp\/v2\/tags?post=102"}],"curies":[{"name":"wp","href":"https:\/\/api.w.org\/{rel}","templated":true}]}}